{"id":3952,"date":"2019-12-10T13:17:06","date_gmt":"2019-12-10T18:17:06","guid":{"rendered":"https:\/\/phantomdivers.com\/?p=3952"},"modified":"2019-12-17T14:38:52","modified_gmt":"2019-12-17T19:38:52","slug":"virgen-del-caracol","status":"publish","type":"post","link":"https:\/\/phantomdivers.com\/es\/virgen-del-caracol\/","title":{"rendered":"Virgen del Caracol"},"content":{"rendered":"<p>El 12 de Diciembre a las 8:30, d\u00eda de la Virgen de Guadalupe, hemos organizado un buceo con la participaci\u00f3n de <strong>Padre Hubert Reiner<\/strong>\u00a0en el sitio donde se encuentra la estatua de la\u00a0<strong>Virgen del Caracol<\/strong>.<br \/>\nLa estatua fue hundida en 2014 con la participaci\u00f3n de nuestros buzos y de Padre Hubert mismo para que todos los visitantes puedan admirarla durante sus buceos.<br \/>\nPulse al enlace para ver el\u00a0<a href=\"https:\/\/www.youtube.com\/watch?v=3m5RVTzfyHY&amp;feature=youtu.be&amp;fbclid=IwAR1Buzk9IHIECt1_rBtx49k3UQmaDnjEt0GgXq36grUVqX7KHKfnL7MI2g0\" target=\"_blank\" rel=\"noopener noreferrer\">video que cuenta la historia de la estatua de la Virgen del Caracol<\/a>.<br \/>\nEn esta ocasi\u00f3n, Padre Hubert dio una breve misa bendiciendo barcos, buzos y mar antes de bucear y admirar a la Virgen del Caracol y donde el Padre dio tambi\u00e9n una <strong>bendici\u00f3n sub acu\u00e1tica<\/strong> a los participantes!<\/p>\n<p><iframe loading=\"lazy\" title=\"BUCEO DE LA VIRGEN\" width=\"1170\" height=\"658\" src=\"https:\/\/www.youtube.com\/embed\/1W-Br2Ko3lU?feature=oembed\" frameborder=\"0\" allow=\"accelerometer; autoplay; encrypted-media; gyroscope; picture-in-picture\" allowfullscreen><\/iframe><\/p>\n","protected":false},"excerpt":{"rendered":"<p>El 12 de Diciembre a las 8:30, d\u00eda de la Virgen de Guadalupe, hemos organizado un buceo con la participaci\u00f3n de Padre Hubert Reiner\u00a0en el sitio donde se encuentra la estatua de la\u00a0Virgen del Caracol. La estatua fue hundida en 2014 con la participaci\u00f3n de nuestros buzos y de Padre Hubert mismo para que todos [&hellip;]<\/p>\n","protected":false},"author":1,"featured_media":3950,"comment_status":"open","ping_status":"open","sticky":false,"template":"","format":"standard","meta":{"footnotes":""},"categories":[45],"tags":[71,72],"class_list":["post-3952","post","type-post","status-publish","format-standard","has-post-thumbnail","hentry","category-sin-categorizar","tag-buceo-es","tag-virgendelcaracol-es"],"_links":{"self":[{"href":"https:\/\/phantomdivers.com\/es\/wp-json\/wp\/v2\/posts\/3952","targetHints":{"allow":["GET"]}}],"collection":[{"href":"https:\/\/phantomdivers.com\/es\/wp-json\/wp\/v2\/posts"}],"about":[{"href":"https:\/\/phantomdivers.com\/es\/wp-json\/wp\/v2\/types\/post"}],"author":[{"embeddable":true,"href":"https:\/\/phantomdivers.com\/es\/wp-json\/wp\/v2\/users\/1"}],"replies":[{"embeddable":true,"href":"https:\/\/phantomdivers.com\/es\/wp-json\/wp\/v2\/comments?post=3952"}],"version-history":[{"count":3,"href":"https:\/\/phantomdivers.com\/es\/wp-json\/wp\/v2\/posts\/3952\/revisions"}],"predecessor-version":[{"id":3976,"href":"https:\/\/phantomdivers.com\/es\/wp-json\/wp\/v2\/posts\/3952\/revisions\/3976"}],"wp:featuredmedia":[{"embeddable":true,"href":"https:\/\/phantomdivers.com\/es\/wp-json\/wp\/v2\/media\/3950"}],"wp:attachment":[{"href":"https:\/\/phantomdivers.com\/es\/wp-json\/wp\/v2\/media?parent=3952"}],"wp:term":[{"taxonomy":"category","embeddable":true,"href":"https:\/\/phantomdivers.com\/es\/wp-json\/wp\/v2\/categories?post=3952"},{"taxonomy":"post_tag","embeddable":true,"href":"https:\/\/phantomdivers.com\/es\/wp-json\/wp\/v2\/tags?post=3952"}],"curies":[{"name":"wp","href":"https:\/\/api.w.org\/{rel}","templated":true}]}}